{"id":5357,"date":"2026-08-03T20:36:00","date_gmt":"2026-08-03T18:36:00","guid":{"rendered":"http:\/\/residiaimmobilier.lu\/?p=5357"},"modified":"2026-08-24T08:11:24","modified_gmt":"2026-08-24T06:11:24","slug":"notaire-castel-jacques-capellen-lu","status":"publish","type":"post","link":"https:\/\/residiaimmobilier.lu\/?p=5357","title":{"rendered":"Notaire Jacques Castel : Capellen"},"content":{"rendered":"\n<div class=\"wp-block-group is-content-justification-center is-nowrap is-layout-flex wp-container-core-group-is-layout-d05cb3ef wp-block-group-is-layout-flex\"><div class=\"wp-block-image\">\n<figure class=\"aligncenter size-full\"><img loading=\"lazy\" decoding=\"async\" width=\"100\" height=\"80\" src=\"https:\/\/residiaimmobilier.lu\/wp-content\/uploads\/2020\/07\/icon_karte_ouest.png\" alt=\"\" class=\"wp-image-5221\" srcset=\"https:\/\/residiaimmobilier.lu\/wp-content\/uploads\/2020\/07\/icon_karte_ouest.png 100w, https:\/\/residiaimmobilier.lu\/wp-content\/uploads\/2020\/07\/icon_karte_ouest-95x76.png 95w\" sizes=\"auto, (max-width: 100px) 100vw, 100px\" \/><\/figure>\n<\/div>\n\n\n<div class=\"wp-block-group is-vertical is-layout-flex wp-container-core-group-is-layout-4fc3f8e1 wp-block-group-is-layout-flex\">\n<p class=\"has-text-align-left wp-block-paragraph\">Notaire du Grand-Duch\u00e9 de Luxembourg <\/p>\n\n\n\n<p class=\"has-text-align-left wp-block-paragraph\">r\u00e9gion <strong>Ouest<\/strong><\/p>\n<\/div>\n<\/div>\n\n\n\n<!--more-->\n\n\n\n<h3 class=\"wp-block-heading\"><strong>Me Jacques CASTEL <\/strong><\/h3>\n\n\n\n<div class=\"wp-block-columns has-2-columns is-layout-flex wp-container-core-columns-is-layout-8f761849 wp-block-columns-is-layout-flex\">\n<div class=\"wp-block-column is-layout-flow wp-block-column-is-layout-flow\">\n<p class=\"wp-block-paragraph\">T\u00e9l : <strong>30 00 27-1<\/strong><\/p>\n\n\n\n<p class=\"wp-block-paragraph\">Courriel :&nbsp;<a href=\"mailto:notaire@jcastel.lu\">notaire@jcastel.lu<\/a><\/p>\n<\/div>\n\n\n\n<div class=\"wp-block-column is-layout-flow wp-block-column-is-layout-flow\">\n<div class=\"wp-block-group is-vertical is-layout-flex wp-container-core-group-is-layout-4fc3f8e1 wp-block-group-is-layout-flex\">\n<p class=\"wp-block-paragraph\">3  route d&rsquo;Olm<\/p>\n\n\n\n<p class=\"wp-block-paragraph\">LU-8331 <strong>CAPELLEN<\/strong><\/p>\n\n\n\n<p class=\"wp-block-paragraph\"><em>commune de Mamer<\/em><\/p>\n<\/div>\n\n\n\n<div style=\"height:30px\" aria-hidden=\"true\" class=\"wp-block-spacer\"><\/div>\n\n\n\n<div class=\"wp-block-group is-vertical is-layout-flex wp-container-core-group-is-layout-4fc3f8e1 wp-block-group-is-layout-flex\">\n<p class=\"wp-block-paragraph\">Bo\u00eete Postale 44  <\/p>\n\n\n\n<p class=\"wp-block-paragraph\">LU-8301 Capellen<\/p>\n<\/div>\n<\/div>\n<\/div>\n\n\n\n<div style=\"height:15px\" aria-hidden=\"true\" class=\"wp-block-spacer\"><\/div>\n\n\n\n<div class=\"wp-block-group\"><div class=\"wp-block-group__inner-container is-layout-constrained wp-block-group-is-layout-constrained\">\n<h6 class=\"wp-block-heading\">Notaires par lieu de r\u00e9sidence :<\/h6>\n\n\n\n<div class=\"wp-block-group\"><div class=\"wp-block-group__inner-container is-layout-constrained wp-block-group-is-layout-constrained\"><p class=\"wp-block-tag-cloud\"><a href=\"https:\/\/residiaimmobilier.lu\/?tag=notaires-esch-sur-alzette-lu\" class=\"tag-cloud-link tag-link-188 btn btn-skin-dark-oh inverted tag-link-position-1\" style=\"font-size: 10pt;\" aria-label=\"Notaires : Esch-sur-Alzette (3 \u00e9l\u00e9ments)\">Notaires : Esch-sur-Alzette<\/a>\n<a href=\"https:\/\/residiaimmobilier.lu\/?tag=notaires-luxembourg-ville-centre-lu\" class=\"tag-cloud-link tag-link-183 btn btn-skin-dark-oh inverted tag-link-position-2\" style=\"font-size: 10pt;\" aria-label=\"Notaires : Luxembourg-ville (11 \u00e9l\u00e9ments)\">Notaires : Luxembourg-ville<\/a>\n<a href=\"https:\/\/residiaimmobilier.lu\/?tag=notaires-centre-lu\" class=\"tag-cloud-link tag-link-172 btn btn-skin-dark-oh inverted tag-link-position-3\" style=\"font-size: 10pt;\" aria-label=\"Notaires : r\u00e9gion Centre (18 \u00e9l\u00e9ments)\">Notaires : r\u00e9gion Centre<\/a>\n<a href=\"https:\/\/residiaimmobilier.lu\/?tag=notaires-est-lu\" class=\"tag-cloud-link tag-link-176 btn btn-skin-dark-oh inverted tag-link-position-4\" style=\"font-size: 10pt;\" aria-label=\"Notaires : r\u00e9gion Est (4 \u00e9l\u00e9ments)\">Notaires : r\u00e9gion Est<\/a>\n<a href=\"https:\/\/residiaimmobilier.lu\/?tag=notaires-nord-lu\" class=\"tag-cloud-link tag-link-173 btn btn-skin-dark-oh inverted tag-link-position-5\" style=\"font-size: 10pt;\" aria-label=\"Notaires : r\u00e9gion Nord (2 \u00e9l\u00e9ments)\">Notaires : r\u00e9gion Nord<\/a>\n<a href=\"https:\/\/residiaimmobilier.lu\/?tag=notaires-ouest-lu\" class=\"tag-cloud-link tag-link-175 btn btn-skin-dark-oh inverted tag-link-position-6\" style=\"font-size: 10pt;\" aria-label=\"Notaires : r\u00e9gion Ouest (3 \u00e9l\u00e9ments)\">Notaires : r\u00e9gion Ouest<\/a>\n<a href=\"https:\/\/residiaimmobilier.lu\/?tag=notaires-sud-lu\" class=\"tag-cloud-link tag-link-174 btn btn-skin-dark-oh inverted tag-link-position-7\" style=\"font-size: 10pt;\" aria-label=\"Notaires : r\u00e9gion Sud (9 \u00e9l\u00e9ments)\">Notaires : r\u00e9gion Sud<\/a><\/p><\/div><\/div>\n<\/div><\/div>\n\n\n\n<div style=\"height:20px\" aria-hidden=\"true\" class=\"wp-block-spacer\"><\/div>\n\n\n\n<p class=\"has-text-align-right has-small-font-size wp-block-paragraph\"><em>source : Chambre des Notaires du Grand-Duch\u00e9 de Luxembourg<\/em><\/p>\n","protected":false},"excerpt":{"rendered":"","protected":false},"author":1,"featured_media":0,"comment_status":"closed","ping_status":"closed","sticky":false,"template":"","format":"standard","meta":{"footnotes":""},"categories":[168],"tags":[175],"class_list":["post-5357","post","type-post","status-publish","format-standard","category-annuaire-notaires-grand-duche-luxembourg-lu","tag-notaires-ouest-lu","czr-hentry"],"_links":{"self":[{"href":"https:\/\/residiaimmobilier.lu\/index.php?rest_route=\/wp\/v2\/posts\/5357","targetHints":{"allow":["GET"]}}],"collection":[{"href":"https:\/\/residiaimmobilier.lu\/index.php?rest_route=\/wp\/v2\/posts"}],"about":[{"href":"https:\/\/residiaimmobilier.lu\/index.php?rest_route=\/wp\/v2\/types\/post"}],"author":[{"embeddable":true,"href":"https:\/\/residiaimmobilier.lu\/index.php?rest_route=\/wp\/v2\/users\/1"}],"replies":[{"embeddable":true,"href":"https:\/\/residiaimmobilier.lu\/index.php?rest_route=%2Fwp%2Fv2%2Fcomments&post=5357"}],"version-history":[{"count":31,"href":"https:\/\/residiaimmobilier.lu\/index.php?rest_route=\/wp\/v2\/posts\/5357\/revisions"}],"predecessor-version":[{"id":11218,"href":"https:\/\/residiaimmobilier.lu\/index.php?rest_route=\/wp\/v2\/posts\/5357\/revisions\/11218"}],"wp:attachment":[{"href":"https:\/\/residiaimmobilier.lu\/index.php?rest_route=%2Fwp%2Fv2%2Fmedia&parent=5357"}],"wp:term":[{"taxonomy":"category","embeddable":true,"href":"https:\/\/residiaimmobilier.lu\/index.php?rest_route=%2Fwp%2Fv2%2Fcategories&post=5357"},{"taxonomy":"post_tag","embeddable":true,"href":"https:\/\/residiaimmobilier.lu\/index.php?rest_route=%2Fwp%2Fv2%2Ftags&post=5357"}],"curies":[{"name":"wp","href":"https:\/\/api.w.org\/{rel}","templated":true}]}}