{"id":10160,"date":"2026-08-04T19:00:00","date_gmt":"2026-08-04T17:00:00","guid":{"rendered":"https:\/\/residiaimmobilier.lu\/?p=10160"},"modified":"2026-08-24T07:51:09","modified_gmt":"2026-08-24T05:51:09","slug":"notaire-foehr-anne-echternach-lu","status":"publish","type":"post","link":"https:\/\/residiaimmobilier.lu\/?p=10160","title":{"rendered":"Notaire Anne Foehr : Echternach"},"content":{"rendered":"\n<div class=\"wp-block-group is-content-justification-center is-nowrap is-layout-flex wp-container-core-group-is-layout-4f54976d wp-block-group-is-layout-flex\"><div class=\"wp-block-image\">\n<figure class=\"aligncenter\"><img loading=\"lazy\" decoding=\"async\" width=\"100\" height=\"80\" src=\"https:\/\/residiaimmobilier.lu\/wp-content\/uploads\/2020\/07\/icon_karte_est_.png\" alt=\"\" class=\"wp-image-5219\" srcset=\"https:\/\/residiaimmobilier.lu\/wp-content\/uploads\/2020\/07\/icon_karte_est_.png 100w, https:\/\/residiaimmobilier.lu\/wp-content\/uploads\/2020\/07\/icon_karte_est_-95x76.png 95w\" sizes=\"auto, (max-width: 100px) 100vw, 100px\" \/><\/figure>\n<\/div>\n\n\n<div class=\"wp-block-group is-vertical is-layout-flex wp-container-core-group-is-layout-4fc3f8e1 wp-block-group-is-layout-flex\">\n<p class=\"has-text-align-left wp-block-paragraph\">Notaire du Grand-Duch\u00e9 de Luxembourg <\/p>\n\n\n\n<p class=\"has-text-align-left wp-block-paragraph\">r\u00e9gion <strong>Est<\/strong><\/p>\n<\/div>\n<\/div>\n\n\n\n<!--more-->\n\n\n\n<h3 class=\"wp-block-heading\"><strong>Me Anne FOEHR<\/strong><\/h3>\n\n\n\n<div class=\"wp-block-columns is-layout-flex wp-container-core-columns-is-layout-8f761849 wp-block-columns-is-layout-flex\">\n<div class=\"wp-block-column is-layout-flow wp-block-column-is-layout-flow\">\n<p class=\"wp-block-paragraph\">t\u00e9l. <strong>72 00 55<\/strong><\/p>\n\n\n\n<p class=\"wp-block-paragraph\">courriel : <a href=\"mailto:notaire@notaire-foehr.lu\">notaire@notaire-foehr.lu<\/a><\/p>\n\n\n\n<div style=\"height:10px\" aria-hidden=\"true\" class=\"wp-block-spacer\"><\/div>\n\n\n\n<div class=\"wp-block-group is-vertical is-layout-flex wp-container-core-group-is-layout-4fc3f8e1 wp-block-group-is-layout-flex\">\n<p class=\"wp-block-paragraph\">Horaires du lundi au vendredi :<\/p>\n\n\n\n<p class=\"wp-block-paragraph\"><strong>08h00-17h00<\/strong><\/p>\n<\/div>\n<\/div>\n\n\n\n<div class=\"wp-block-column is-layout-flow wp-block-column-is-layout-flow\">\n<div class=\"wp-block-group is-vertical is-layout-flex wp-container-core-group-is-layout-4fc3f8e1 wp-block-group-is-layout-flex\">\n<p class=\"wp-block-paragraph\">9 Rabatt<\/p>\n\n\n\n<p class=\"wp-block-paragraph\">LU-6475 <strong>ECHTERNACH<\/strong><\/p>\n<\/div>\n\n\n\n<div style=\"height:30px\" aria-hidden=\"true\" class=\"wp-block-spacer\"><\/div>\n\n\n\n<div class=\"wp-block-group is-vertical is-layout-flex wp-container-core-group-is-layout-4fc3f8e1 wp-block-group-is-layout-flex\">\n<p class=\"wp-block-paragraph\">Bo\u00eete Postale 148<\/p>\n\n\n\n<p class=\"wp-block-paragraph\">LU-6402 Echternach<\/p>\n<\/div>\n<\/div>\n<\/div>\n\n\n\n<div class=\"wp-block-columns is-layout-flex wp-container-core-columns-is-layout-8f761849 wp-block-columns-is-layout-flex\">\n<div class=\"wp-block-column is-layout-flow wp-block-column-is-layout-flow\">\n<p class=\"wp-block-paragraph\">internet :<a href=\"https:\/\/notaire-foehr.lu\/\" target=\"_blank\" rel=\"noreferrer noopener\"> notaire-foehr.lu<\/a><\/p>\n<\/div>\n\n\n\n<div class=\"wp-block-column is-layout-flow wp-block-column-is-layout-flow\"><div class=\"wp-block-image\">\n<figure class=\"alignleft size-full is-resized\"><img loading=\"lazy\" decoding=\"async\" width=\"620\" height=\"282\" src=\"https:\/\/residiaimmobilier.lu\/wp-content\/uploads\/2025\/04\/Anne-Foehr-notaire.jpg\" alt=\"\" class=\"wp-image-10234\" style=\"width:173px;height:auto\" srcset=\"https:\/\/residiaimmobilier.lu\/wp-content\/uploads\/2025\/04\/Anne-Foehr-notaire.jpg 620w, https:\/\/residiaimmobilier.lu\/wp-content\/uploads\/2025\/04\/Anne-Foehr-notaire-95x43.jpg 95w, https:\/\/residiaimmobilier.lu\/wp-content\/uploads\/2025\/04\/Anne-Foehr-notaire-517x235.jpg 517w\" sizes=\"auto, (max-width: 620px) 100vw, 620px\" \/><\/figure>\n<\/div><\/div>\n<\/div>\n\n\n\n<div style=\"height:15px\" aria-hidden=\"true\" class=\"wp-block-spacer\"><\/div>\n\n\n\n<div class=\"wp-block-group\"><div class=\"wp-block-group__inner-container is-layout-constrained wp-block-group-is-layout-constrained\">\n<h6 class=\"wp-block-heading\">Notaires par lieu de r\u00e9sidence :<\/h6>\n\n\n\n<div class=\"wp-block-group\"><div class=\"wp-block-group__inner-container is-layout-constrained wp-block-group-is-layout-constrained\"><p class=\"wp-block-tag-cloud\"><a href=\"https:\/\/residiaimmobilier.lu\/?tag=notaires-esch-sur-alzette-lu\" class=\"tag-cloud-link tag-link-188 btn btn-skin-dark-oh inverted tag-link-position-1\" style=\"font-size: 10pt;\" aria-label=\"Notaires : Esch-sur-Alzette (3 \u00e9l\u00e9ments)\">Notaires : Esch-sur-Alzette<\/a>\n<a href=\"https:\/\/residiaimmobilier.lu\/?tag=notaires-luxembourg-ville-centre-lu\" class=\"tag-cloud-link tag-link-183 btn btn-skin-dark-oh inverted tag-link-position-2\" style=\"font-size: 10pt;\" aria-label=\"Notaires : Luxembourg-ville (11 \u00e9l\u00e9ments)\">Notaires : Luxembourg-ville<\/a>\n<a href=\"https:\/\/residiaimmobilier.lu\/?tag=notaires-centre-lu\" class=\"tag-cloud-link tag-link-172 btn btn-skin-dark-oh inverted tag-link-position-3\" style=\"font-size: 10pt;\" aria-label=\"Notaires : r\u00e9gion Centre (18 \u00e9l\u00e9ments)\">Notaires : r\u00e9gion Centre<\/a>\n<a href=\"https:\/\/residiaimmobilier.lu\/?tag=notaires-est-lu\" class=\"tag-cloud-link tag-link-176 btn btn-skin-dark-oh inverted tag-link-position-4\" style=\"font-size: 10pt;\" aria-label=\"Notaires : r\u00e9gion Est (4 \u00e9l\u00e9ments)\">Notaires : r\u00e9gion Est<\/a>\n<a href=\"https:\/\/residiaimmobilier.lu\/?tag=notaires-nord-lu\" class=\"tag-cloud-link tag-link-173 btn btn-skin-dark-oh inverted tag-link-position-5\" style=\"font-size: 10pt;\" aria-label=\"Notaires : r\u00e9gion Nord (2 \u00e9l\u00e9ments)\">Notaires : r\u00e9gion Nord<\/a>\n<a href=\"https:\/\/residiaimmobilier.lu\/?tag=notaires-ouest-lu\" class=\"tag-cloud-link tag-link-175 btn btn-skin-dark-oh inverted tag-link-position-6\" style=\"font-size: 10pt;\" aria-label=\"Notaires : r\u00e9gion Ouest (3 \u00e9l\u00e9ments)\">Notaires : r\u00e9gion Ouest<\/a>\n<a href=\"https:\/\/residiaimmobilier.lu\/?tag=notaires-sud-lu\" class=\"tag-cloud-link tag-link-174 btn btn-skin-dark-oh inverted tag-link-position-7\" style=\"font-size: 10pt;\" aria-label=\"Notaires : r\u00e9gion Sud (9 \u00e9l\u00e9ments)\">Notaires : r\u00e9gion Sud<\/a><\/p><\/div><\/div>\n<\/div><\/div>\n\n\n\n<div style=\"height:20px\" aria-hidden=\"true\" class=\"wp-block-spacer\"><\/div>\n\n\n\n<p class=\"has-text-align-right has-small-font-size wp-block-paragraph\"><em>source : Chambre des Notaires du Grand-Duch\u00e9 de Luxembourg<\/em><\/p>\n","protected":false},"excerpt":{"rendered":"","protected":false},"author":1,"featured_media":0,"comment_status":"closed","ping_status":"closed","sticky":false,"template":"","format":"standard","meta":{"footnotes":""},"categories":[168],"tags":[176],"class_list":["post-10160","post","type-post","status-publish","format-standard","category-annuaire-notaires-grand-duche-luxembourg-lu","tag-notaires-est-lu","czr-hentry"],"_links":{"self":[{"href":"https:\/\/residiaimmobilier.lu\/index.php?rest_route=\/wp\/v2\/posts\/10160","targetHints":{"allow":["GET"]}}],"collection":[{"href":"https:\/\/residiaimmobilier.lu\/index.php?rest_route=\/wp\/v2\/posts"}],"about":[{"href":"https:\/\/residiaimmobilier.lu\/index.php?rest_route=\/wp\/v2\/types\/post"}],"author":[{"embeddable":true,"href":"https:\/\/residiaimmobilier.lu\/index.php?rest_route=\/wp\/v2\/users\/1"}],"replies":[{"embeddable":true,"href":"https:\/\/residiaimmobilier.lu\/index.php?rest_route=%2Fwp%2Fv2%2Fcomments&post=10160"}],"version-history":[{"count":16,"href":"https:\/\/residiaimmobilier.lu\/index.php?rest_route=\/wp\/v2\/posts\/10160\/revisions"}],"predecessor-version":[{"id":11229,"href":"https:\/\/residiaimmobilier.lu\/index.php?rest_route=\/wp\/v2\/posts\/10160\/revisions\/11229"}],"wp:attachment":[{"href":"https:\/\/residiaimmobilier.lu\/index.php?rest_route=%2Fwp%2Fv2%2Fmedia&parent=10160"}],"wp:term":[{"taxonomy":"category","embeddable":true,"href":"https:\/\/residiaimmobilier.lu\/index.php?rest_route=%2Fwp%2Fv2%2Fcategories&post=10160"},{"taxonomy":"post_tag","embeddable":true,"href":"https:\/\/residiaimmobilier.lu\/index.php?rest_route=%2Fwp%2Fv2%2Ftags&post=10160"}],"curies":[{"name":"wp","href":"https:\/\/api.w.org\/{rel}","templated":true}]}}